{"id":406,"date":"2019-05-04T11:18:57","date_gmt":"2019-05-04T09:18:57","guid":{"rendered":"https:\/\/lebens.fit\/?p=406"},"modified":"2019-05-04T11:18:57","modified_gmt":"2019-05-04T09:18:57","slug":"ueber-stock-und-stein","status":"publish","type":"post","link":"https:\/\/lebens.fit\/index.php\/2019\/05\/04\/ueber-stock-und-stein\/","title":{"rendered":"\u00dcber Stock und Stein"},"content":{"rendered":"<p><img loading=\"lazy\" decoding=\"async\" class=\"alignnone size-full wp-image-407\" src=\"https:\/\/lebens.fit\/wp-content\/uploads\/2019\/05\/SAM_5559.jpg\" alt=\"\" width=\"4000\" height=\"3000\" srcset=\"https:\/\/lebens.fit\/wp-content\/uploads\/2019\/05\/SAM_5559.jpg 4000w, https:\/\/lebens.fit\/wp-content\/uploads\/2019\/05\/SAM_5559-300x225.jpg 300w, https:\/\/lebens.fit\/wp-content\/uploads\/2019\/05\/SAM_5559-768x576.jpg 768w, https:\/\/lebens.fit\/wp-content\/uploads\/2019\/05\/SAM_5559-1024x768.jpg 1024w\" sizes=\"(max-width: 4000px) 100vw, 4000px\" \/><\/p>\n<p>Osterferienprojekt zum Thema &#8220;Stein&#8221;.<br \/>\nWir haben eine spannende Zeit verbracht und uns mit dem Werkstoff &#8220;Stein&#8221;<br \/>\nbesch\u00e4ftigt.<br \/>\nSo entstanden Handschmeichler und Anh\u00e4nger aus Speckstein, ein<br \/>\nNamenscrabble, verschiedene Mosaike, Landart mit Steinen im Wald und vieles<br \/>\nmehr.<br \/>\nGef\u00f6rdert wurde das Projekt von der LAG Kunst und Medien NRW e.V. in<br \/>\nKoorperation mit lebens.fit e.V. und der Kath. Hauptschule Husen.<\/p>\n","protected":false},"excerpt":{"rendered":"<p>Osterferienprojekt zum Thema &#8220;Stein&#8221;. Wir haben eine spannende Zeit verbracht und uns mit dem Werkstoff &#8220;Stein&#8221; besch\u00e4ftigt. So entstanden Handschmeichler und Anh\u00e4nger aus Speckstein, ein Namenscrabble, verschiedene Mosaike, Landart mit Steinen im Wald und vieles mehr. Gef\u00f6rdert wurde das Projekt von der LAG Kunst und Medien &hellip; <\/p>\n<p><a href=\"https:\/\/lebens.fit\/index.php\/2019\/05\/04\/ueber-stock-und-stein\/\" class=\"more-link\"><span class=\"morelink-icon\">Weiterlesen<\/span><\/a><\/p>\n","protected":false},"author":1,"featured_media":0,"comment_status":"closed","ping_status":"closed","sticky":false,"template":"","format":"standard","meta":{"footnotes":""},"categories":[1],"tags":[],"_links":{"self":[{"href":"https:\/\/lebens.fit\/index.php\/wp-json\/wp\/v2\/posts\/406"}],"collection":[{"href":"https:\/\/lebens.fit\/index.php\/wp-json\/wp\/v2\/posts"}],"about":[{"href":"https:\/\/lebens.fit\/index.php\/wp-json\/wp\/v2\/types\/post"}],"author":[{"embeddable":true,"href":"https:\/\/lebens.fit\/index.php\/wp-json\/wp\/v2\/users\/1"}],"replies":[{"embeddable":true,"href":"https:\/\/lebens.fit\/index.php\/wp-json\/wp\/v2\/comments?post=406"}],"version-history":[{"count":1,"href":"https:\/\/lebens.fit\/index.php\/wp-json\/wp\/v2\/posts\/406\/revisions"}],"predecessor-version":[{"id":408,"href":"https:\/\/lebens.fit\/index.php\/wp-json\/wp\/v2\/posts\/406\/revisions\/408"}],"wp:attachment":[{"href":"https:\/\/lebens.fit\/index.php\/wp-json\/wp\/v2\/media?parent=406"}],"wp:term":[{"taxonomy":"category","embeddable":true,"href":"https:\/\/lebens.fit\/index.php\/wp-json\/wp\/v2\/categories?post=406"},{"taxonomy":"post_tag","embeddable":true,"href":"https:\/\/lebens.fit\/index.php\/wp-json\/wp\/v2\/tags?post=406"}],"curies":[{"name":"wp","href":"https:\/\/api.w.org\/{rel}","templated":true}]}}